{"id":2258,"date":"2013-09-20T08:37:56","date_gmt":"2013-09-20T08:37:56","guid":{"rendered":"http:\/\/sd.special-doctors.de\/?p=2258"},"modified":"2018-05-25T14:04:56","modified_gmt":"2018-05-25T14:04:56","slug":"special-opening-der-special-doctors","status":"publish","type":"post","link":"https:\/\/www.special-doctors.de\/en\/news\/special-opening-der-special-doctors\/","title":{"rendered":"Special Opening der Special Doctors"},"content":{"rendered":"<p>Rund 130 G\u00e4ste fanden sich am 20. September in der Friedrichstra\u00dfe 58 ein, um der offiziellen Ansprache des Gesch\u00e4ftsf\u00fchrers und des \u00c4rztlichen Beirats Prof. Bodo Paul zuzuh\u00f6ren und den Pr\u00e4sentationen des Referenzzentrums der Firma <a href=\"http:\/\/www.darco.de\/\" target=\"_blank\" rel=\"noopener\">Darco GmbH (Postoperativer Schuh)<\/a> sowie des Referenzzentrums der Firma <a href=\"http:\/\/www.geistlich.de\/\" target=\"_blank\" rel=\"noopener\">Geistlich AG (Center of Excellence f\u00fcr die Knorpelregeneration)<\/a> zu folgen, aber nat\u00fcrlich auch die knstlerischen Darbietungen auf sich wirken zu lassen. So freuten sich neben den zahlreich erschienenen Medizinern auch ausgew\u00e4hlte Gr\u00f6\u00dfen aus Sport, Kunst und Film \u00fcber den \u00bbsterbenden Schwan\u00ab und ein Pas de deux, wundervoll dargeboten von T\u00e4nzern der Staatlichen Ballettschule Berlin und grandios inszeniert von Gregor Seyffert.<\/p>\n<p>Dem noch nicht genug sorgte Opern- und Konzerts\u00e4ngerin Marie Giroux gleich f\u00fcr mehrere G\u00e4nsehautmomente und Thoralf Terl brachte die Anwesenden mit stimmungsvollen Schlagern aus den 1950ern zum \u00bbIm-Takt-Wippen\u00ab. Alle \u2013 darunter auch Ehrengast Schauspieler Sebastian Koch \u2013 waren sich einig: Die kulinarischen K\u00f6stlichkeiten der Estrel-Hotel-Cateringabteilung, die Livepianomusik im Hintergrund, die Vortr\u00e4ge und das Showprogramm sorgten f\u00fcr einen rundum gelungenen Einstand der Praxis im Herzen Berlins, die au\u00dfschlie\u00dflich Spezialisten auf ihrem Fachgebiet unter einem Dach vereint.<\/p>\n","protected":false},"excerpt":{"rendered":"<p>Rund 130 G\u00e4ste fanden sich am 20. September in der Friedrichstra\u00dfe 58 ein, um der offiziellen Ansprache des Gesch\u00e4ftsf\u00fchrers und des \u00c4rztlichen Beirats Prof. Bodo Paul zuzuh\u00f6ren und den Pr\u00e4sentationen des Referenzzentrums der Firma Darco GmbH (Postoperativer Schuh) sowie des Referenzzentrums der Firma Geistlich AG (Center of Excellence f\u00fcr die Knorpelregeneration) zu folgen, aber nat\u00fcrlich&hellip; <a class=\"continue\" href=\"https:\/\/www.special-doctors.de\/en\/news\/special-opening-der-special-doctors\/\">weiterlesen<span> Special Opening der Special Doctors<\/span><\/a><\/p>\n","protected":false},"author":1,"featured_media":2265,"comment_status":"closed","ping_status":"closed","sticky":false,"template":"","format":"standard","meta":{"_acf_changed":false,"footnotes":""},"categories":[24],"tags":[],"class_list":["post-2258","post","type-post","status-publish","format-standard","has-post-thumbnail","hentry","category-news"],"translation":{"provider":"WPGlobus","version":"3.0.2","language":"en","enabled_languages":["de","en"],"languages":{"de":{"title":true,"content":true,"excerpt":false},"en":{"title":false,"content":false,"excerpt":false}}},"acf":[],"_links":{"self":[{"href":"https:\/\/www.special-doctors.de\/en\/wp-json\/wp\/v2\/posts\/2258","targetHints":{"allow":["GET"]}}],"collection":[{"href":"https:\/\/www.special-doctors.de\/en\/wp-json\/wp\/v2\/posts"}],"about":[{"href":"https:\/\/www.special-doctors.de\/en\/wp-json\/wp\/v2\/types\/post"}],"author":[{"embeddable":true,"href":"https:\/\/www.special-doctors.de\/en\/wp-json\/wp\/v2\/users\/1"}],"replies":[{"embeddable":true,"href":"https:\/\/www.special-doctors.de\/en\/wp-json\/wp\/v2\/comments?post=2258"}],"version-history":[{"count":4,"href":"https:\/\/www.special-doctors.de\/en\/wp-json\/wp\/v2\/posts\/2258\/revisions"}],"predecessor-version":[{"id":2264,"href":"https:\/\/www.special-doctors.de\/en\/wp-json\/wp\/v2\/posts\/2258\/revisions\/2264"}],"wp:featuredmedia":[{"embeddable":true,"href":"https:\/\/www.special-doctors.de\/en\/wp-json\/wp\/v2\/media\/2265"}],"wp:attachment":[{"href":"https:\/\/www.special-doctors.de\/en\/wp-json\/wp\/v2\/media?parent=2258"}],"wp:term":[{"taxonomy":"category","embeddable":true,"href":"https:\/\/www.special-doctors.de\/en\/wp-json\/wp\/v2\/categories?post=2258"},{"taxonomy":"post_tag","embeddable":true,"href":"https:\/\/www.special-doctors.de\/en\/wp-json\/wp\/v2\/tags?post=2258"}],"curies":[{"name":"wp","href":"https:\/\/api.w.org\/{rel}","templated":true}]}}